{"id":105,"date":"2014-02-16T20:34:33","date_gmt":"2014-02-16T20:34:33","guid":{"rendered":"http:\/\/www.campu.net\/blog\/wordpress\/?p=105"},"modified":"2025-03-26T08:48:39","modified_gmt":"2025-03-26T07:48:39","slug":"mural-decorativo-de-dumbo-para-la-habitacion-de-bastian","status":"publish","type":"post","link":"https:\/\/campu.net\/blog\/mural-decorativo-de-dumbo-para-la-habitacion-de-bastian\/","title":{"rendered":"MURAL DECORATIVO DE DUMBO PARA LA HABITACI\u00d3N DE BASTIAN"},"content":{"rendered":"<p style=\"text-align: center;\">Hola a todos\/as<\/p>\n<p style=\"text-align: center;\">Hoy hablamos del mural decorativo para la habitaci\u00f3n de Bastian, el hijo de nuestra amiga, modelo y actriz, Esmeralda Moya.<\/p>\n<p style=\"text-align: center;\">Esa peque\u00f1a ni\u00f1a, que conocimos cuando ten\u00eda 12 o 13 a\u00f1os que no paraba de hacer reportajes de fotos para publicidad y pasarelas de moda, \u00a0iba a ser mam\u00e1. Todav\u00eda recordamos las veces que nos dec\u00edas que cuando fueras mam\u00e1, en la habitaci\u00f3n de tus hijos estar\u00eda uno de nuestros murales decorando su cuarto.<\/p>\n<p style=\"text-align: center;\">Pues ya hace casi un a\u00f1o que Esmeralda empezaba a buscar ideas para decorar la habitaci\u00f3n del peque\u00f1o Bastian que ven\u00eda de camino, y hablaba con nosotros para contarnos la idea que ten\u00eda pensada realizar en el cuarto de su peque\u00f1o:<\/p>\n<p style=\"text-align: center;\">\u00ab<em>El peque\u00f1o Dumbo, sentado en una nube sobre fondo azul y estrellitas plateadas<\/em>\u00ab.<\/p>\n<p style=\"text-align: center;\">Pues manos a la obra y empezamos a pintar&#8230;<\/p>\n<p style=\"text-align: center;\"><img decoding=\"async\" class=\"alignnone wp-image-109\" src=\"https:\/\/campu.net\/blog\/wp-content\/uploads\/2014\/02\/IMG_2854.jpg\" alt=\"mural decorativo Dumbo Esmeralda Moya 1\" width=\"100%\" srcset=\"https:\/\/campu.net\/blog\/wp-content\/uploads\/2014\/02\/IMG_2854.jpg 3264w, https:\/\/campu.net\/blog\/wp-content\/uploads\/2014\/02\/IMG_2854-300x225.jpg 300w, https:\/\/campu.net\/blog\/wp-content\/uploads\/2014\/02\/IMG_2854-768x576.jpg 768w, https:\/\/campu.net\/blog\/wp-content\/uploads\/2014\/02\/IMG_2854-1024x768.jpg 1024w\" sizes=\"(max-width: 3264px) 100vw, 3264px\" \/><img decoding=\"async\" class=\"alignnone wp-image-110\" src=\"https:\/\/campu.net\/blog\/wp-content\/uploads\/2014\/02\/IMG_2855.jpg\" alt=\"mural decorativo Dumbo Esmeralda Moya 2\" width=\"100%\" srcset=\"https:\/\/campu.net\/blog\/wp-content\/uploads\/2014\/02\/IMG_2855.jpg 3264w, https:\/\/campu.net\/blog\/wp-content\/uploads\/2014\/02\/IMG_2855-300x225.jpg 300w, https:\/\/campu.net\/blog\/wp-content\/uploads\/2014\/02\/IMG_2855-768x576.jpg 768w, https:\/\/campu.net\/blog\/wp-content\/uploads\/2014\/02\/IMG_2855-1024x768.jpg 1024w\" sizes=\"(max-width: 3264px) 100vw, 3264px\" \/><img decoding=\"async\" class=\"alignnone wp-image-111\" src=\"https:\/\/campu.net\/blog\/wp-content\/uploads\/2014\/02\/IMG_2856.jpg\" alt=\"mural decorativo Dumbo Esmeralda Moya 3\" width=\"100%\" srcset=\"https:\/\/campu.net\/blog\/wp-content\/uploads\/2014\/02\/IMG_2856.jpg 3264w, https:\/\/campu.net\/blog\/wp-content\/uploads\/2014\/02\/IMG_2856-300x225.jpg 300w, https:\/\/campu.net\/blog\/wp-content\/uploads\/2014\/02\/IMG_2856-768x576.jpg 768w, https:\/\/campu.net\/blog\/wp-content\/uploads\/2014\/02\/IMG_2856-1024x768.jpg 1024w\" sizes=\"(max-width: 3264px) 100vw, 3264px\" \/><a href=\"https:\/\/campu.net\/blog\/wp-content\/uploads\/2014\/02\/IMG_2864.jpg\"><img decoding=\"async\" class=\"alignnone wp-image-112\" src=\"https:\/\/campu.net\/blog\/wp-content\/uploads\/2014\/02\/IMG_2864.jpg\" alt=\"mural decorativo Dumbo Esmeralda Moya 4\" width=\"100%\" srcset=\"https:\/\/campu.net\/blog\/wp-content\/uploads\/2014\/02\/IMG_2864.jpg 3264w, https:\/\/campu.net\/blog\/wp-content\/uploads\/2014\/02\/IMG_2864-300x225.jpg 300w, https:\/\/campu.net\/blog\/wp-content\/uploads\/2014\/02\/IMG_2864-768x576.jpg 768w, https:\/\/campu.net\/blog\/wp-content\/uploads\/2014\/02\/IMG_2864-1024x768.jpg 1024w\" sizes=\"(max-width: 3264px) 100vw, 3264px\" \/><\/a><img decoding=\"async\" class=\"alignnone wp-image-108\" src=\"https:\/\/campu.net\/blog\/wp-content\/uploads\/2014\/02\/Imagen-1361.jpg\" alt=\"mural decorativo Dumbo Esmeralda Moya 5\" width=\"100%\" srcset=\"https:\/\/campu.net\/blog\/wp-content\/uploads\/2014\/02\/Imagen-1361.jpg 500w, https:\/\/campu.net\/blog\/wp-content\/uploads\/2014\/02\/Imagen-1361-300x200.jpg 300w\" sizes=\"(max-width: 500px) 100vw, 500px\" \/><\/p>\n<p style=\"text-align: center;\">Una idea sencilla y no muy recargada pero con un resultado muy decorativo. Como te dec\u00edamos, no era necesario recargar una habitaci\u00f3n para darle un toque exclusivo y \u00fanico.<\/p>\n<p style=\"text-align: center;\"><a href=\"https:\/\/campu.net\/blog\/wp-content\/uploads\/2014\/02\/IMG_2866.jpg\"><img decoding=\"async\" class=\"alignnone wp-image-113\" src=\"https:\/\/campu.net\/blog\/wp-content\/uploads\/2014\/02\/IMG_2866.jpg\" alt=\"mural decorativo Dumbo Esmeralda Moya 6\" width=\"100%\" srcset=\"https:\/\/campu.net\/blog\/wp-content\/uploads\/2014\/02\/IMG_2866.jpg 3264w, https:\/\/campu.net\/blog\/wp-content\/uploads\/2014\/02\/IMG_2866-300x225.jpg 300w, https:\/\/campu.net\/blog\/wp-content\/uploads\/2014\/02\/IMG_2866-768x576.jpg 768w, https:\/\/campu.net\/blog\/wp-content\/uploads\/2014\/02\/IMG_2866-1024x768.jpg 1024w\" sizes=\"(max-width: 3264px) 100vw, 3264px\" \/><\/a> <a href=\"https:\/\/campu.net\/blog\/wp-content\/uploads\/2014\/02\/IMG_2869.jpg\"><img decoding=\"async\" class=\"alignnone wp-image-114\" src=\"https:\/\/campu.net\/blog\/wp-content\/uploads\/2014\/02\/IMG_2869.jpg\" alt=\"mural decorativo Dumbo Esmeralda Moya 7\" width=\"100%\" srcset=\"https:\/\/campu.net\/blog\/wp-content\/uploads\/2014\/02\/IMG_2869.jpg 3264w, https:\/\/campu.net\/blog\/wp-content\/uploads\/2014\/02\/IMG_2869-300x225.jpg 300w, https:\/\/campu.net\/blog\/wp-content\/uploads\/2014\/02\/IMG_2869-768x576.jpg 768w, https:\/\/campu.net\/blog\/wp-content\/uploads\/2014\/02\/IMG_2869-1024x768.jpg 1024w\" sizes=\"(max-width: 3264px) 100vw, 3264px\" \/><\/a>El emotivo personaje Dumbo ya forma parte de la decoraci\u00f3n del cuarto de Bastian y el resultado es precioso.<\/p>\n<p style=\"text-align: center;\"><img decoding=\"async\" class=\"alignnone wp-image-106\" src=\"https:\/\/campu.net\/blog\/wp-content\/uploads\/2014\/02\/HABT-DUMBO-1.jpg\" alt=\"mural decorativo Dumbo Esmeralda Moya 8\" width=\"100%\" srcset=\"https:\/\/campu.net\/blog\/wp-content\/uploads\/2014\/02\/HABT-DUMBO-1.jpg 1000w, https:\/\/campu.net\/blog\/wp-content\/uploads\/2014\/02\/HABT-DUMBO-1-300x227.jpg 300w, https:\/\/campu.net\/blog\/wp-content\/uploads\/2014\/02\/HABT-DUMBO-1-768x581.jpg 768w\" sizes=\"(max-width: 1000px) 100vw, 1000px\" \/><img decoding=\"async\" class=\"alignnone wp-image-107\" src=\"https:\/\/campu.net\/blog\/wp-content\/uploads\/2014\/02\/HABT-DUMBO-2.jpg\" alt=\"mural decorativo Dumbo Esmeralda Moya 9\" width=\"100%\" srcset=\"https:\/\/campu.net\/blog\/wp-content\/uploads\/2014\/02\/HABT-DUMBO-2.jpg 1000w, https:\/\/campu.net\/blog\/wp-content\/uploads\/2014\/02\/HABT-DUMBO-2-300x227.jpg 300w, https:\/\/campu.net\/blog\/wp-content\/uploads\/2014\/02\/HABT-DUMBO-2-768x581.jpg 768w\" sizes=\"(max-width: 1000px) 100vw, 1000px\" \/><\/p>\n<p style=\"text-align: center;\">Esmeralda Moya nos manda estas fotos para el recuerdo posando con nuestro trabajo.<\/p>\n<p style=\"text-align: center;\">Much\u00edsimas gracias por contar con nosotros y ya sabes que \u00a0es un placer. Ahora que \u00a0el peque\u00f1o Bastian la disfrute d\u00eda a d\u00eda&#8230;<\/p>\n<p><a href=\"https:\/\/campu.net\/blog\/wp-content\/uploads\/2014\/02\/Imagen-096.jpg\"><img decoding=\"async\" class=\"alignnone wp-image-115\" src=\"https:\/\/campu.net\/blog\/wp-content\/uploads\/2014\/02\/Imagen-096.jpg\" alt=\"\" width=\"100%\" srcset=\"https:\/\/campu.net\/blog\/wp-content\/uploads\/2014\/02\/Imagen-096.jpg 500w, https:\/\/campu.net\/blog\/wp-content\/uploads\/2014\/02\/Imagen-096-300x200.jpg 300w\" sizes=\"(max-width: 500px) 100vw, 500px\" \/><\/a> <a href=\"https:\/\/campu.net\/blog\/wp-content\/uploads\/2014\/02\/Imagen-1373.jpg\"><img decoding=\"async\" class=\"alignnone wp-image-116 aligncenter\" src=\"https:\/\/campu.net\/blog\/wp-content\/uploads\/2014\/02\/Imagen-1373.jpg\" alt=\"\" width=\"100%\" srcset=\"https:\/\/campu.net\/blog\/wp-content\/uploads\/2014\/02\/Imagen-1373.jpg 500w, https:\/\/campu.net\/blog\/wp-content\/uploads\/2014\/02\/Imagen-1373-300x200.jpg 300w\" sizes=\"(max-width: 500px) 100vw, 500px\" \/><\/a><\/p>\n<!-- AddThis Advanced Settings generic via filter on the_content --><!-- AddThis Share Buttons generic via filter on the_content -->","protected":false},"excerpt":{"rendered":"<p>Hola a todos\/as Hoy hablamos del mural decorativo para la habitaci\u00f3n de Bastian, el hijo de nuestra amiga, modelo y actriz, Esmeralda Moya. Esa peque\u00f1a ni\u00f1a, que conocimos cuando ten\u00eda 12 o 13 a\u00f1os que no paraba de hacer reportajes de fotos para publicidad y pasarelas de moda, \u00a0iba a ser mam\u00e1. Todav\u00eda recordamos las&hellip;<!-- AddThis Advanced Settings generic via filter on get_the_excerpt --><!-- AddThis Share Buttons generic via filter on get_the_excerpt --><\/p>\n","protected":false},"author":1,"featured_media":120,"comment_status":"closed","ping_status":"closed","sticky":false,"template":"","format":"standard","meta":{"jetpack_post_was_ever_published":false,"_jetpack_newsletter_access":"","_jetpack_dont_email_post_to_subs":false,"_jetpack_newsletter_tier_id":0,"_jetpack_memberships_contains_paywalled_content":false,"_jetpack_memberships_contains_paid_content":false,"footnotes":"","jetpack_publicize_message":"","jetpack_publicize_feature_enabled":true,"jetpack_social_post_already_shared":false,"jetpack_social_options":{"image_generator_settings":{"template":"highway","default_image_id":0,"font":"","enabled":false},"version":2}},"categories":[200,194,171,197,196,186,201,193,203,199,198,202,192,195,167,7,143,144,204],"tags":[11,13,14,18,20,23,24,26,39,48,49,67,78,86,94,97,99,102,103,110,117,118,119,136],"class_list":["post-105","post","type-post","status-publish","format-standard","has-post-thumbnail","hentry","category-actriz-esmeralda","category-bastian","category-campu","category-con-infantil","category-decoracion-de-habitacion","category-decorar","category-esmeralda","category-esmeralda-moya","category-habitacionespersonalizadas","category-modelo","category-modelo-esmeralda","category-moya","category-mural-decoracion","category-mural-decoratico","category-mural-decorativo","category-murales-infantiles","category-murales-pintados","category-murales-unicos","category-personalizado","tag-acrilico","tag-actriz","tag-aerografia","tag-arte","tag-artistas","tag-bastian","tag-bebe","tag-campu","tag-decoracion-infantil","tag-dumbo","tag-esmeralda-moya","tag-jorge-campuzano-garcia","tag-modelo","tag-mural-infantil","tag-murales","tag-murales-exclusivos","tag-murales-personalizados","tag-murales-unicos","tag-muralista","tag-personalizacion","tag-pintura-a-mano","tag-pintura-decorativa","tag-pintura-mural","tag-torrejon"],"yoast_head":"<!-- This site is optimized with the Yoast SEO plugin v27.5 - https:\/\/yoast.com\/product\/yoast-seo-wordpress\/ -->\n<title>MURAL DECORATIVO DE DUMBO PARA LA HABITACI\u00d3N DE BASTIAN - El blog de Campu<\/title>\n<meta name=\"robots\" content=\"index, follow, max-snippet:-1, max-image-preview:large, max-video-preview:-1\" \/>\n<link rel=\"canonical\" href=\"https:\/\/campu.net\/blog\/mural-decorativo-de-dumbo-para-la-habitacion-de-bastian\/\" \/>\n<meta property=\"og:locale\" content=\"es_ES\" \/>\n<meta property=\"og:type\" content=\"article\" \/>\n<meta property=\"og:title\" content=\"MURAL DECORATIVO DE DUMBO PARA LA HABITACI\u00d3N DE BASTIAN - El blog de Campu\" \/>\n<meta property=\"og:description\" content=\"Hola a todos\/as Hoy hablamos del mural decorativo para la habitaci\u00f3n de Bastian, el hijo de nuestra amiga, modelo y actriz, Esmeralda Moya. Esa peque\u00f1a ni\u00f1a, que conocimos cuando ten\u00eda 12 o 13 a\u00f1os que no paraba de hacer reportajes de fotos para publicidad y pasarelas de moda, \u00a0iba a ser mam\u00e1. Todav\u00eda recordamos las&hellip;\" \/>\n<meta property=\"og:url\" content=\"https:\/\/campu.net\/blog\/mural-decorativo-de-dumbo-para-la-habitacion-de-bastian\/\" \/>\n<meta property=\"og:site_name\" content=\"El blog de Campu\" \/>\n<meta property=\"article:publisher\" content=\"https:\/\/www.facebook.com\/campu.net\/\" \/>\n<meta property=\"article:author\" content=\"https:\/\/www.facebook.com\/CAMPUPU\" \/>\n<meta property=\"article:published_time\" content=\"2014-02-16T20:34:33+00:00\" \/>\n<meta property=\"article:modified_time\" content=\"2025-03-26T07:48:39+00:00\" \/>\n<meta property=\"og:image\" content=\"https:\/\/campu.net\/blog\/wp-content\/uploads\/2014\/02\/Imagen-073-e1392580930788.jpg\" \/>\n\t<meta property=\"og:image:width\" content=\"500\" \/>\n\t<meta property=\"og:image:height\" content=\"333\" \/>\n\t<meta property=\"og:image:type\" content=\"image\/jpeg\" \/>\n<meta name=\"author\" content=\"Campu\" \/>\n<meta name=\"twitter:card\" content=\"summary_large_image\" \/>\n<meta name=\"twitter:creator\" content=\"@campunet\" \/>\n<meta name=\"twitter:site\" content=\"@campunet\" \/>\n<meta name=\"twitter:label1\" content=\"Escrito por\" \/>\n\t<meta name=\"twitter:data1\" content=\"Campu\" \/>\n\t<meta name=\"twitter:label2\" content=\"Tiempo de lectura\" \/>\n\t<meta name=\"twitter:data2\" content=\"4 minutos\" \/>\n<script type=\"application\/ld+json\" class=\"yoast-schema-graph\">{\"@context\":\"https:\\\/\\\/schema.org\",\"@graph\":[{\"@type\":\"Article\",\"@id\":\"https:\\\/\\\/campu.net\\\/blog\\\/mural-decorativo-de-dumbo-para-la-habitacion-de-bastian\\\/#article\",\"isPartOf\":{\"@id\":\"https:\\\/\\\/campu.net\\\/blog\\\/mural-decorativo-de-dumbo-para-la-habitacion-de-bastian\\\/\"},\"author\":{\"name\":\"Campu\",\"@id\":\"https:\\\/\\\/campu.net\\\/blog\\\/#\\\/schema\\\/person\\\/54a46f32c3e80d4f9f3ee62c7534556d\"},\"headline\":\"MURAL DECORATIVO DE DUMBO PARA LA HABITACI\u00d3N DE BASTIAN\",\"datePublished\":\"2014-02-16T20:34:33+00:00\",\"dateModified\":\"2025-03-26T07:48:39+00:00\",\"mainEntityOfPage\":{\"@id\":\"https:\\\/\\\/campu.net\\\/blog\\\/mural-decorativo-de-dumbo-para-la-habitacion-de-bastian\\\/\"},\"wordCount\":256,\"publisher\":{\"@id\":\"https:\\\/\\\/campu.net\\\/blog\\\/#organization\"},\"image\":{\"@id\":\"https:\\\/\\\/campu.net\\\/blog\\\/mural-decorativo-de-dumbo-para-la-habitacion-de-bastian\\\/#primaryimage\"},\"thumbnailUrl\":\"https:\\\/\\\/campu.net\\\/blog\\\/wp-content\\\/uploads\\\/2014\\\/02\\\/Imagen-073-e1392580930788.jpg\",\"keywords\":[\"acrilico\",\"Actriz\",\"Aerografia\",\"Arte\",\"artistas\",\"Bastian\",\"Bebe\",\"CAMPU\",\"decoraci\u00f3n infantil\",\"Dumbo\",\"Esmeralda Moya\",\"Jorge Campuzano Garcia\",\"Modelo\",\"Mural Infantil\",\"murales\",\"murales exclusivos\",\"murales personalizados\",\"murales unicos\",\"Muralista\",\"personalizacion\",\"pintura a mano\",\"pintura decorativa\",\"pintura mural\",\"Torrejon\"],\"articleSection\":[\"actriz Esmeralda\",\"Bastian\",\"Campu\",\"con infantil\",\"decoracion de habitacion\",\"decorar\",\"Esmeralda\",\"Esmeralda Moya\",\"habitacionespersonalizadas\",\"modelo\",\"modelo esmeralda\",\"Moya\",\"mural decoracion\",\"mural decoratico\",\"mural decorativo\",\"murales infantiles\",\"murales pintados\",\"murales \u00fanicos\",\"personalizado\"],\"inLanguage\":\"es\"},{\"@type\":\"WebPage\",\"@id\":\"https:\\\/\\\/campu.net\\\/blog\\\/mural-decorativo-de-dumbo-para-la-habitacion-de-bastian\\\/\",\"url\":\"https:\\\/\\\/campu.net\\\/blog\\\/mural-decorativo-de-dumbo-para-la-habitacion-de-bastian\\\/\",\"name\":\"MURAL DECORATIVO DE DUMBO PARA LA HABITACI\u00d3N DE BASTIAN - El blog de Campu\",\"isPartOf\":{\"@id\":\"https:\\\/\\\/campu.net\\\/blog\\\/#website\"},\"primaryImageOfPage\":{\"@id\":\"https:\\\/\\\/campu.net\\\/blog\\\/mural-decorativo-de-dumbo-para-la-habitacion-de-bastian\\\/#primaryimage\"},\"image\":{\"@id\":\"https:\\\/\\\/campu.net\\\/blog\\\/mural-decorativo-de-dumbo-para-la-habitacion-de-bastian\\\/#primaryimage\"},\"thumbnailUrl\":\"https:\\\/\\\/campu.net\\\/blog\\\/wp-content\\\/uploads\\\/2014\\\/02\\\/Imagen-073-e1392580930788.jpg\",\"datePublished\":\"2014-02-16T20:34:33+00:00\",\"dateModified\":\"2025-03-26T07:48:39+00:00\",\"breadcrumb\":{\"@id\":\"https:\\\/\\\/campu.net\\\/blog\\\/mural-decorativo-de-dumbo-para-la-habitacion-de-bastian\\\/#breadcrumb\"},\"inLanguage\":\"es\",\"potentialAction\":[{\"@type\":\"ReadAction\",\"target\":[\"https:\\\/\\\/campu.net\\\/blog\\\/mural-decorativo-de-dumbo-para-la-habitacion-de-bastian\\\/\"]}]},{\"@type\":\"ImageObject\",\"inLanguage\":\"es\",\"@id\":\"https:\\\/\\\/campu.net\\\/blog\\\/mural-decorativo-de-dumbo-para-la-habitacion-de-bastian\\\/#primaryimage\",\"url\":\"https:\\\/\\\/campu.net\\\/blog\\\/wp-content\\\/uploads\\\/2014\\\/02\\\/Imagen-073-e1392580930788.jpg\",\"contentUrl\":\"https:\\\/\\\/campu.net\\\/blog\\\/wp-content\\\/uploads\\\/2014\\\/02\\\/Imagen-073-e1392580930788.jpg\",\"width\":500,\"height\":333},{\"@type\":\"BreadcrumbList\",\"@id\":\"https:\\\/\\\/campu.net\\\/blog\\\/mural-decorativo-de-dumbo-para-la-habitacion-de-bastian\\\/#breadcrumb\",\"itemListElement\":[{\"@type\":\"ListItem\",\"position\":1,\"name\":\"Portada\",\"item\":\"https:\\\/\\\/campu.net\\\/blog\\\/\"},{\"@type\":\"ListItem\",\"position\":2,\"name\":\"MURAL DECORATIVO DE DUMBO PARA LA HABITACI\u00d3N DE BASTIAN\"}]},{\"@type\":\"WebSite\",\"@id\":\"https:\\\/\\\/campu.net\\\/blog\\\/#website\",\"url\":\"https:\\\/\\\/campu.net\\\/blog\\\/\",\"name\":\"El blog de Campu\",\"description\":\"Murales decorativos pintados \u00fanicos y personalizados. Graffity, Aerografia, acr\u00edlicos , campu\",\"publisher\":{\"@id\":\"https:\\\/\\\/campu.net\\\/blog\\\/#organization\"},\"potentialAction\":[{\"@type\":\"SearchAction\",\"target\":{\"@type\":\"EntryPoint\",\"urlTemplate\":\"https:\\\/\\\/campu.net\\\/blog\\\/?s={search_term_string}\"},\"query-input\":{\"@type\":\"PropertyValueSpecification\",\"valueRequired\":true,\"valueName\":\"search_term_string\"}}],\"inLanguage\":\"es\"},{\"@type\":\"Organization\",\"@id\":\"https:\\\/\\\/campu.net\\\/blog\\\/#organization\",\"name\":\"Campu.net\",\"url\":\"https:\\\/\\\/campu.net\\\/blog\\\/\",\"logo\":{\"@type\":\"ImageObject\",\"inLanguage\":\"es\",\"@id\":\"https:\\\/\\\/campu.net\\\/blog\\\/#\\\/schema\\\/logo\\\/image\\\/\",\"url\":\"https:\\\/\\\/campu.net\\\/blog\\\/wp-content\\\/uploads\\\/2017\\\/12\\\/logo-campu.jpg\",\"contentUrl\":\"https:\\\/\\\/campu.net\\\/blog\\\/wp-content\\\/uploads\\\/2017\\\/12\\\/logo-campu.jpg\",\"width\":3508,\"height\":2480,\"caption\":\"Campu.net\"},\"image\":{\"@id\":\"https:\\\/\\\/campu.net\\\/blog\\\/#\\\/schema\\\/logo\\\/image\\\/\"},\"sameAs\":[\"https:\\\/\\\/www.facebook.com\\\/campu.net\\\/\",\"https:\\\/\\\/x.com\\\/campunet\",\"https:\\\/\\\/www.instagram.com\\\/campunet\\\/\",\"https:\\\/\\\/www.pinterest.es\\\/campunet\\\/\",\"https:\\\/\\\/www.youtube.com\\\/campupu\\\/\"]},{\"@type\":\"Person\",\"@id\":\"https:\\\/\\\/campu.net\\\/blog\\\/#\\\/schema\\\/person\\\/54a46f32c3e80d4f9f3ee62c7534556d\",\"name\":\"Campu\",\"image\":{\"@type\":\"ImageObject\",\"inLanguage\":\"es\",\"@id\":\"https:\\\/\\\/secure.gravatar.com\\\/avatar\\\/f3d02630a21ab394ad5291814c7bd54785429f02c6570939e11a30836a12b51d?s=96&d=mm&r=g\",\"url\":\"https:\\\/\\\/secure.gravatar.com\\\/avatar\\\/f3d02630a21ab394ad5291814c7bd54785429f02c6570939e11a30836a12b51d?s=96&d=mm&r=g\",\"contentUrl\":\"https:\\\/\\\/secure.gravatar.com\\\/avatar\\\/f3d02630a21ab394ad5291814c7bd54785429f02c6570939e11a30836a12b51d?s=96&d=mm&r=g\",\"caption\":\"Campu\"},\"sameAs\":[\"http:\\\/\\\/www.campu.net\",\"https:\\\/\\\/www.facebook.com\\\/CAMPUPU\",\"https:\\\/\\\/x.com\\\/campunet\"]}]}<\/script>\n<!-- \/ Yoast SEO plugin. -->","yoast_head_json":{"title":"MURAL DECORATIVO DE DUMBO PARA LA HABITACI\u00d3N DE BASTIAN - El blog de Campu","robots":{"index":"index","follow":"follow","max-snippet":"max-snippet:-1","max-image-preview":"max-image-preview:large","max-video-preview":"max-video-preview:-1"},"canonical":"https:\/\/campu.net\/blog\/mural-decorativo-de-dumbo-para-la-habitacion-de-bastian\/","og_locale":"es_ES","og_type":"article","og_title":"MURAL DECORATIVO DE DUMBO PARA LA HABITACI\u00d3N DE BASTIAN - El blog de Campu","og_description":"Hola a todos\/as Hoy hablamos del mural decorativo para la habitaci\u00f3n de Bastian, el hijo de nuestra amiga, modelo y actriz, Esmeralda Moya. Esa peque\u00f1a ni\u00f1a, que conocimos cuando ten\u00eda 12 o 13 a\u00f1os que no paraba de hacer reportajes de fotos para publicidad y pasarelas de moda, \u00a0iba a ser mam\u00e1. Todav\u00eda recordamos las&hellip;","og_url":"https:\/\/campu.net\/blog\/mural-decorativo-de-dumbo-para-la-habitacion-de-bastian\/","og_site_name":"El blog de Campu","article_publisher":"https:\/\/www.facebook.com\/campu.net\/","article_author":"https:\/\/www.facebook.com\/CAMPUPU","article_published_time":"2014-02-16T20:34:33+00:00","article_modified_time":"2025-03-26T07:48:39+00:00","og_image":[{"width":500,"height":333,"url":"https:\/\/campu.net\/blog\/wp-content\/uploads\/2014\/02\/Imagen-073-e1392580930788.jpg","type":"image\/jpeg"}],"author":"Campu","twitter_card":"summary_large_image","twitter_creator":"@campunet","twitter_site":"@campunet","twitter_misc":{"Escrito por":"Campu","Tiempo de lectura":"4 minutos"},"schema":{"@context":"https:\/\/schema.org","@graph":[{"@type":"Article","@id":"https:\/\/campu.net\/blog\/mural-decorativo-de-dumbo-para-la-habitacion-de-bastian\/#article","isPartOf":{"@id":"https:\/\/campu.net\/blog\/mural-decorativo-de-dumbo-para-la-habitacion-de-bastian\/"},"author":{"name":"Campu","@id":"https:\/\/campu.net\/blog\/#\/schema\/person\/54a46f32c3e80d4f9f3ee62c7534556d"},"headline":"MURAL DECORATIVO DE DUMBO PARA LA HABITACI\u00d3N DE BASTIAN","datePublished":"2014-02-16T20:34:33+00:00","dateModified":"2025-03-26T07:48:39+00:00","mainEntityOfPage":{"@id":"https:\/\/campu.net\/blog\/mural-decorativo-de-dumbo-para-la-habitacion-de-bastian\/"},"wordCount":256,"publisher":{"@id":"https:\/\/campu.net\/blog\/#organization"},"image":{"@id":"https:\/\/campu.net\/blog\/mural-decorativo-de-dumbo-para-la-habitacion-de-bastian\/#primaryimage"},"thumbnailUrl":"https:\/\/campu.net\/blog\/wp-content\/uploads\/2014\/02\/Imagen-073-e1392580930788.jpg","keywords":["acrilico","Actriz","Aerografia","Arte","artistas","Bastian","Bebe","CAMPU","decoraci\u00f3n infantil","Dumbo","Esmeralda Moya","Jorge Campuzano Garcia","Modelo","Mural Infantil","murales","murales exclusivos","murales personalizados","murales unicos","Muralista","personalizacion","pintura a mano","pintura decorativa","pintura mural","Torrejon"],"articleSection":["actriz Esmeralda","Bastian","Campu","con infantil","decoracion de habitacion","decorar","Esmeralda","Esmeralda Moya","habitacionespersonalizadas","modelo","modelo esmeralda","Moya","mural decoracion","mural decoratico","mural decorativo","murales infantiles","murales pintados","murales \u00fanicos","personalizado"],"inLanguage":"es"},{"@type":"WebPage","@id":"https:\/\/campu.net\/blog\/mural-decorativo-de-dumbo-para-la-habitacion-de-bastian\/","url":"https:\/\/campu.net\/blog\/mural-decorativo-de-dumbo-para-la-habitacion-de-bastian\/","name":"MURAL DECORATIVO DE DUMBO PARA LA HABITACI\u00d3N DE BASTIAN - El blog de Campu","isPartOf":{"@id":"https:\/\/campu.net\/blog\/#website"},"primaryImageOfPage":{"@id":"https:\/\/campu.net\/blog\/mural-decorativo-de-dumbo-para-la-habitacion-de-bastian\/#primaryimage"},"image":{"@id":"https:\/\/campu.net\/blog\/mural-decorativo-de-dumbo-para-la-habitacion-de-bastian\/#primaryimage"},"thumbnailUrl":"https:\/\/campu.net\/blog\/wp-content\/uploads\/2014\/02\/Imagen-073-e1392580930788.jpg","datePublished":"2014-02-16T20:34:33+00:00","dateModified":"2025-03-26T07:48:39+00:00","breadcrumb":{"@id":"https:\/\/campu.net\/blog\/mural-decorativo-de-dumbo-para-la-habitacion-de-bastian\/#breadcrumb"},"inLanguage":"es","potentialAction":[{"@type":"ReadAction","target":["https:\/\/campu.net\/blog\/mural-decorativo-de-dumbo-para-la-habitacion-de-bastian\/"]}]},{"@type":"ImageObject","inLanguage":"es","@id":"https:\/\/campu.net\/blog\/mural-decorativo-de-dumbo-para-la-habitacion-de-bastian\/#primaryimage","url":"https:\/\/campu.net\/blog\/wp-content\/uploads\/2014\/02\/Imagen-073-e1392580930788.jpg","contentUrl":"https:\/\/campu.net\/blog\/wp-content\/uploads\/2014\/02\/Imagen-073-e1392580930788.jpg","width":500,"height":333},{"@type":"BreadcrumbList","@id":"https:\/\/campu.net\/blog\/mural-decorativo-de-dumbo-para-la-habitacion-de-bastian\/#breadcrumb","itemListElement":[{"@type":"ListItem","position":1,"name":"Portada","item":"https:\/\/campu.net\/blog\/"},{"@type":"ListItem","position":2,"name":"MURAL DECORATIVO DE DUMBO PARA LA HABITACI\u00d3N DE BASTIAN"}]},{"@type":"WebSite","@id":"https:\/\/campu.net\/blog\/#website","url":"https:\/\/campu.net\/blog\/","name":"El blog de Campu","description":"Murales decorativos pintados \u00fanicos y personalizados. Graffity, Aerografia, acr\u00edlicos , campu","publisher":{"@id":"https:\/\/campu.net\/blog\/#organization"},"potentialAction":[{"@type":"SearchAction","target":{"@type":"EntryPoint","urlTemplate":"https:\/\/campu.net\/blog\/?s={search_term_string}"},"query-input":{"@type":"PropertyValueSpecification","valueRequired":true,"valueName":"search_term_string"}}],"inLanguage":"es"},{"@type":"Organization","@id":"https:\/\/campu.net\/blog\/#organization","name":"Campu.net","url":"https:\/\/campu.net\/blog\/","logo":{"@type":"ImageObject","inLanguage":"es","@id":"https:\/\/campu.net\/blog\/#\/schema\/logo\/image\/","url":"https:\/\/campu.net\/blog\/wp-content\/uploads\/2017\/12\/logo-campu.jpg","contentUrl":"https:\/\/campu.net\/blog\/wp-content\/uploads\/2017\/12\/logo-campu.jpg","width":3508,"height":2480,"caption":"Campu.net"},"image":{"@id":"https:\/\/campu.net\/blog\/#\/schema\/logo\/image\/"},"sameAs":["https:\/\/www.facebook.com\/campu.net\/","https:\/\/x.com\/campunet","https:\/\/www.instagram.com\/campunet\/","https:\/\/www.pinterest.es\/campunet\/","https:\/\/www.youtube.com\/campupu\/"]},{"@type":"Person","@id":"https:\/\/campu.net\/blog\/#\/schema\/person\/54a46f32c3e80d4f9f3ee62c7534556d","name":"Campu","image":{"@type":"ImageObject","inLanguage":"es","@id":"https:\/\/secure.gravatar.com\/avatar\/f3d02630a21ab394ad5291814c7bd54785429f02c6570939e11a30836a12b51d?s=96&d=mm&r=g","url":"https:\/\/secure.gravatar.com\/avatar\/f3d02630a21ab394ad5291814c7bd54785429f02c6570939e11a30836a12b51d?s=96&d=mm&r=g","contentUrl":"https:\/\/secure.gravatar.com\/avatar\/f3d02630a21ab394ad5291814c7bd54785429f02c6570939e11a30836a12b51d?s=96&d=mm&r=g","caption":"Campu"},"sameAs":["http:\/\/www.campu.net","https:\/\/www.facebook.com\/CAMPUPU","https:\/\/x.com\/campunet"]}]}},"jetpack_publicize_connections":[],"jetpack_featured_media_url":"https:\/\/campu.net\/blog\/wp-content\/uploads\/2014\/02\/Imagen-073-e1392580930788.jpg","jetpack_shortlink":"https:\/\/wp.me\/pa4mjW-1H","jetpack_sharing_enabled":true,"_links":{"self":[{"href":"https:\/\/campu.net\/blog\/wp-json\/wp\/v2\/posts\/105","targetHints":{"allow":["GET"]}}],"collection":[{"href":"https:\/\/campu.net\/blog\/wp-json\/wp\/v2\/posts"}],"about":[{"href":"https:\/\/campu.net\/blog\/wp-json\/wp\/v2\/types\/post"}],"author":[{"embeddable":true,"href":"https:\/\/campu.net\/blog\/wp-json\/wp\/v2\/users\/1"}],"replies":[{"embeddable":true,"href":"https:\/\/campu.net\/blog\/wp-json\/wp\/v2\/comments?post=105"}],"version-history":[{"count":2,"href":"https:\/\/campu.net\/blog\/wp-json\/wp\/v2\/posts\/105\/revisions"}],"predecessor-version":[{"id":607,"href":"https:\/\/campu.net\/blog\/wp-json\/wp\/v2\/posts\/105\/revisions\/607"}],"wp:featuredmedia":[{"embeddable":true,"href":"https:\/\/campu.net\/blog\/wp-json\/wp\/v2\/media\/120"}],"wp:attachment":[{"href":"https:\/\/campu.net\/blog\/wp-json\/wp\/v2\/media?parent=105"}],"wp:term":[{"taxonomy":"category","embeddable":true,"href":"https:\/\/campu.net\/blog\/wp-json\/wp\/v2\/categories?post=105"},{"taxonomy":"post_tag","embeddable":true,"href":"https:\/\/campu.net\/blog\/wp-json\/wp\/v2\/tags?post=105"}],"curies":[{"name":"wp","href":"https:\/\/api.w.org\/{rel}","templated":true}]}}